{"id":239850,"date":"2022-02-15T21:13:45","date_gmt":"2022-02-15T21:13:45","guid":{"rendered":"https:\/\/eocycle.com\/?p=239850"},"modified":"2023-03-03T21:32:53","modified_gmt":"2023-03-03T21:32:53","slug":"john-mogensen-has-been-elected-member-of-the-board-of-directors-of-the-distributed-wind-energy-association","status":"publish","type":"post","link":"https:\/\/eocycle.com\/fr\/john-mogensen-has-been-elected-member-of-the-board-of-directors-of-the-distributed-wind-energy-association\/","title":{"rendered":"John Mogensen has been elected member of the Board of Directors of the Distributed Wind Energy Association"},"content":{"rendered":"\t\t<div class=\"et_pb_section et_pb_with_background et_section_regular breadcrumbs_section\">\n\t\t\t<div class=\" et_pb_row breadcrumbs_row\">\t\n\t\t\t\t<div class=\"et_pb_column et_pb_column_4_4 breadcrumbs_column\">\n\t\t\t\t\t<div class=\"et_pb_code et_pb_module breadcrumbs_module\">\n\t\t\t\t\t\t\t\t\t\t\t<\/div> <!-- .et_pb_code -->\n\t\t\t\t<\/div> <!-- .et_pb_column -->\t\t\t\n\t\t\t<\/div> <!-- .et_pb_row -->\t\n\t\t<\/div>\t\t\t\n\t\t<p>[et_pb_section fb_built=\u00a0\u00bb1&Prime; admin_label=\u00a0\u00bbsection\u00a0\u00bb _builder_version=\u00a0\u00bb4.16&Prime; locked=\u00a0\u00bboff\u00a0\u00bb global_colors_info=\u00a0\u00bb{}\u00a0\u00bb][et_pb_row column_structure=\u00a0\u00bb3_4,1_4&Prime; admin_label=\u00a0\u00bbLine\u00a0\u00bb _builder_version=\u00a0\u00bb4.17.4&Prime; background_size=\u00a0\u00bbinitial\u00a0\u00bb background_position=\u00a0\u00bbtop_left\u00a0\u00bb background_repeat=\u00a0\u00bbrepeat\u00a0\u00bb global_colors_info=\u00a0\u00bb{}\u00a0\u00bb][et_pb_column type=\u00a0\u00bb3_4&Prime; _builder_version=\u00a0\u00bb4.16&Prime; custom_padding=\u00a0\u00bb|||\u00a0\u00bb global_colors_info=\u00a0\u00bb{}\u00a0\u00bb custom_padding__hover=\u00a0\u00bb|||\u00a0\u00bb][et_pb_post_title author=\u00a0\u00bboff\u00a0\u00bb date_format=\u00a0\u00bbM j Y\u00a0\u00bb categories=\u00a0\u00bboff\u00a0\u00bb comments=\u00a0\u00bboff\u00a0\u00bb featured_image=\u00a0\u00bboff\u00a0\u00bb admin_label=\u00a0\u00bbNews Title\u00a0\u00bb _builder_version=\u00a0\u00bb4.17.4&Prime; background_color=\u00a0\u00bbrgba(255,255,255,0)\u00a0\u00bb module_bg_color=\u00a0\u00bbrgba(255,255,255,0)\u00a0\u00bb global_colors_info=\u00a0\u00bb{}\u00a0\u00bb][\/et_pb_post_title][et_pb_text admin_label=\u00a0\u00bbText\u00a0\u00bb _builder_version=\u00a0\u00bb4.19.5&Prime; background_size=\u00a0\u00bbinitial\u00a0\u00bb background_position=\u00a0\u00bbtop_left\u00a0\u00bb background_repeat=\u00a0\u00bbrepeat\u00a0\u00bb hover_enabled=\u00a0\u00bb0&Prime; global_colors_info=\u00a0\u00bb{}\u00a0\u00bb sticky_enabled=\u00a0\u00bb0&Prime;]<\/p>\n<p>We\u2019re proud to announce that our colleague John Mogensen has been elected member of the Board of Directors of the <a href=\"https:\/\/distributedwind.org\/\" target=\"_blank\" rel=\"noopener\">Distributed Wind Energy Association<\/a>. <\/p>\n<p>DWEA is a collaborative group comprised of manufacturers, distributors, project developers, dealers, installers, and advocates, whose primary mission is to promote and foster all aspects of the American distributed wind energy industry. <\/p>\n<p>We wish John every success in this position and rely on his contribution to promoting the development of the distributed wind industry. <\/p>\n<p>Congrats John! <\/p>\n<p>[\/et_pb_text][et_pb_cta title=\u00a0\u00bbAbonnez-vous \u00e0 notre bulletin d&rsquo;information et nous vous tiendrons au courant des derni\u00e8res technologies et innovations.\u00a0\u00bb button_url=\u00a0\u00bbhttps:\/\/eocycle.com\/fr\/bulletin\/\u00a0\u00bb button_text=\u00a0\u00bbSubscribe now\u00a0\u00bb admin_label=\u00a0\u00bbCall To Action\u00a0\u00bb _builder_version=\u00a0\u00bb4.16&Prime; header_level=\u00a0\u00bbh4&Prime; header_text_align=\u00a0\u00bbleft\u00a0\u00bb button_alignment=\u00a0\u00bbleft\u00a0\u00bb text_orientation=\u00a0\u00bbleft\u00a0\u00bb global_colors_info=\u00a0\u00bb{}\u00a0\u00bb][\/et_pb_cta][\/et_pb_column][et_pb_column type=\u00a0\u00bb1_4&Prime; _builder_version=\u00a0\u00bb4.16&Prime; custom_padding=\u00a0\u00bb|||\u00a0\u00bb global_colors_info=\u00a0\u00bb{}\u00a0\u00bb custom_padding__hover=\u00a0\u00bb|||\u00a0\u00bb][et_pb_sidebar orientation=\u00a0\u00bbright\u00a0\u00bb area=\u00a0\u00bbsidebar-1&Prime; admin_label=\u00a0\u00bbSidebar\u00a0\u00bb _builder_version=\u00a0\u00bb4.17.4&Prime; global_colors_info=\u00a0\u00bb{}\u00a0\u00bb][\/et_pb_sidebar][\/et_pb_column][\/et_pb_row][\/et_pb_section]<\/p>\n","protected":false},"excerpt":{"rendered":"<p>We\u2019re proud to announce that our colleague John Mogensen has been elected member of the Board of Directors of the Distributed Wind Energy Association. <\/p>\n","protected":false},"author":15,"featured_media":0,"comment_status":"closed","ping_status":"closed","sticky":false,"template":"","format":"standard","meta":{"_et_pb_use_builder":"on","_et_pb_old_content":"","_et_gb_content_width":"","content-type":"","inline_featured_image":false,"footnotes":""},"categories":[2],"tags":[],"class_list":["post-239850","post","type-post","status-publish","format-standard","hentry","category-non-classifiee"],"yoast_head":"<!-- This site is optimized with the Yoast SEO plugin v27.2 - https:\/\/yoast.com\/product\/yoast-seo-wordpress\/ -->\n<title>John Mogensen has been elected member of the Board of Directors of the Distributed Wind Energy Association - Eocycle<\/title>\n<meta name=\"robots\" content=\"index, follow, max-snippet:-1, max-image-preview:large, max-video-preview:-1\" \/>\n<link rel=\"canonical\" href=\"https:\/\/eocycle.com\/fr\/john-mogensen-has-been-elected-member-of-the-board-of-directors-of-the-distributed-wind-energy-association\/\" \/>\n<meta property=\"og:locale\" content=\"fr_FR\" \/>\n<meta property=\"og:type\" content=\"article\" \/>\n<meta property=\"og:title\" content=\"John Mogensen has been elected member of the Board of Directors of the Distributed Wind Energy Association - Eocycle\" \/>\n<meta property=\"og:description\" content=\"We\u2019re proud to announce that our colleague John Mogensen has been elected member of the Board of Directors of the Distributed Wind Energy Association.\" \/>\n<meta property=\"og:url\" content=\"https:\/\/eocycle.com\/fr\/john-mogensen-has-been-elected-member-of-the-board-of-directors-of-the-distributed-wind-energy-association\/\" \/>\n<meta property=\"og:site_name\" content=\"Eocycle\" \/>\n<meta property=\"article:published_time\" content=\"2022-02-15T21:13:45+00:00\" \/>\n<meta property=\"article:modified_time\" content=\"2023-03-03T21:32:53+00:00\" \/>\n<meta name=\"author\" content=\"CREW Team\" \/>\n<meta name=\"twitter:card\" content=\"summary_large_image\" \/>\n<meta name=\"twitter:label1\" content=\"\u00c9crit par\" \/>\n\t<meta name=\"twitter:data1\" content=\"CREW Team\" \/>\n\t<meta name=\"twitter:label2\" content=\"Dur\u00e9e de lecture estim\u00e9e\" \/>\n\t<meta name=\"twitter:data2\" content=\"2 minutes\" \/>\n<script type=\"application\/ld+json\" class=\"yoast-schema-graph\">{\"@context\":\"https:\/\/schema.org\",\"@graph\":[{\"@type\":\"Article\",\"@id\":\"https:\/\/eocycle.com\/fr\/john-mogensen-has-been-elected-member-of-the-board-of-directors-of-the-distributed-wind-energy-association\/#article\",\"isPartOf\":{\"@id\":\"https:\/\/eocycle.com\/fr\/john-mogensen-has-been-elected-member-of-the-board-of-directors-of-the-distributed-wind-energy-association\/\"},\"author\":{\"name\":\"CREW Team\",\"@id\":\"https:\/\/eocycle.com\/fr\/#\/schema\/person\/5cb1a266c074e557dd6c9f819fd20a6e\"},\"headline\":\"John Mogensen has been elected member of the Board of Directors of the Distributed Wind Energy Association\",\"datePublished\":\"2022-02-15T21:13:45+00:00\",\"dateModified\":\"2023-03-03T21:32:53+00:00\",\"mainEntityOfPage\":{\"@id\":\"https:\/\/eocycle.com\/fr\/john-mogensen-has-been-elected-member-of-the-board-of-directors-of-the-distributed-wind-energy-association\/\"},\"wordCount\":318,\"articleSection\":[\"Non classifi\u00e9(e)\"],\"inLanguage\":\"fr-FR\"},{\"@type\":\"WebPage\",\"@id\":\"https:\/\/eocycle.com\/fr\/john-mogensen-has-been-elected-member-of-the-board-of-directors-of-the-distributed-wind-energy-association\/\",\"url\":\"https:\/\/eocycle.com\/fr\/john-mogensen-has-been-elected-member-of-the-board-of-directors-of-the-distributed-wind-energy-association\/\",\"name\":\"John Mogensen has been elected member of the Board of Directors of the Distributed Wind Energy Association - Eocycle\",\"isPartOf\":{\"@id\":\"https:\/\/eocycle.com\/fr\/#website\"},\"datePublished\":\"2022-02-15T21:13:45+00:00\",\"dateModified\":\"2023-03-03T21:32:53+00:00\",\"author\":{\"@id\":\"https:\/\/eocycle.com\/fr\/#\/schema\/person\/5cb1a266c074e557dd6c9f819fd20a6e\"},\"breadcrumb\":{\"@id\":\"https:\/\/eocycle.com\/fr\/john-mogensen-has-been-elected-member-of-the-board-of-directors-of-the-distributed-wind-energy-association\/#breadcrumb\"},\"inLanguage\":\"fr-FR\",\"potentialAction\":[{\"@type\":\"ReadAction\",\"target\":[\"https:\/\/eocycle.com\/fr\/john-mogensen-has-been-elected-member-of-the-board-of-directors-of-the-distributed-wind-energy-association\/\"]}]},{\"@type\":\"BreadcrumbList\",\"@id\":\"https:\/\/eocycle.com\/fr\/john-mogensen-has-been-elected-member-of-the-board-of-directors-of-the-distributed-wind-energy-association\/#breadcrumb\",\"itemListElement\":[{\"@type\":\"ListItem\",\"position\":1,\"name\":\"Home\",\"item\":\"https:\/\/eocycle.com\/fr\/\"},{\"@type\":\"ListItem\",\"position\":2,\"name\":\"John Mogensen has been elected member of the Board of Directors of the Distributed Wind Energy Association\"}]},{\"@type\":\"WebSite\",\"@id\":\"https:\/\/eocycle.com\/fr\/#website\",\"url\":\"https:\/\/eocycle.com\/fr\/\",\"name\":\"Eocycle\",\"description\":\"Just another WordPress site\",\"potentialAction\":[{\"@type\":\"SearchAction\",\"target\":{\"@type\":\"EntryPoint\",\"urlTemplate\":\"https:\/\/eocycle.com\/fr\/?s={search_term_string}\"},\"query-input\":{\"@type\":\"PropertyValueSpecification\",\"valueRequired\":true,\"valueName\":\"search_term_string\"}}],\"inLanguage\":\"fr-FR\"},{\"@type\":\"Person\",\"@id\":\"https:\/\/eocycle.com\/fr\/#\/schema\/person\/5cb1a266c074e557dd6c9f819fd20a6e\",\"name\":\"CREW Team\",\"image\":{\"@type\":\"ImageObject\",\"inLanguage\":\"fr-FR\",\"@id\":\"https:\/\/secure.gravatar.com\/avatar\/3648ce53deaab268f5ee71575bb718bc01ef2f9bd706711c5ed24f8ebd75dcbb?s=96&d=mm&r=g\",\"url\":\"https:\/\/secure.gravatar.com\/avatar\/3648ce53deaab268f5ee71575bb718bc01ef2f9bd706711c5ed24f8ebd75dcbb?s=96&d=mm&r=g\",\"contentUrl\":\"https:\/\/secure.gravatar.com\/avatar\/3648ce53deaab268f5ee71575bb718bc01ef2f9bd706711c5ed24f8ebd75dcbb?s=96&d=mm&r=g\",\"caption\":\"CREW Team\"},\"url\":\"https:\/\/eocycle.com\/fr\/author\/crew-team\/\"}]}<\/script>\n<!-- \/ Yoast SEO plugin. -->","yoast_head_json":{"title":"John Mogensen has been elected member of the Board of Directors of the Distributed Wind Energy Association - Eocycle","robots":{"index":"index","follow":"follow","max-snippet":"max-snippet:-1","max-image-preview":"max-image-preview:large","max-video-preview":"max-video-preview:-1"},"canonical":"https:\/\/eocycle.com\/fr\/john-mogensen-has-been-elected-member-of-the-board-of-directors-of-the-distributed-wind-energy-association\/","og_locale":"fr_FR","og_type":"article","og_title":"John Mogensen has been elected member of the Board of Directors of the Distributed Wind Energy Association - Eocycle","og_description":"We\u2019re proud to announce that our colleague John Mogensen has been elected member of the Board of Directors of the Distributed Wind Energy Association.","og_url":"https:\/\/eocycle.com\/fr\/john-mogensen-has-been-elected-member-of-the-board-of-directors-of-the-distributed-wind-energy-association\/","og_site_name":"Eocycle","article_published_time":"2022-02-15T21:13:45+00:00","article_modified_time":"2023-03-03T21:32:53+00:00","author":"CREW Team","twitter_card":"summary_large_image","twitter_misc":{"\u00c9crit par":"CREW Team","Dur\u00e9e de lecture estim\u00e9e":"2 minutes"},"schema":{"@context":"https:\/\/schema.org","@graph":[{"@type":"Article","@id":"https:\/\/eocycle.com\/fr\/john-mogensen-has-been-elected-member-of-the-board-of-directors-of-the-distributed-wind-energy-association\/#article","isPartOf":{"@id":"https:\/\/eocycle.com\/fr\/john-mogensen-has-been-elected-member-of-the-board-of-directors-of-the-distributed-wind-energy-association\/"},"author":{"name":"CREW Team","@id":"https:\/\/eocycle.com\/fr\/#\/schema\/person\/5cb1a266c074e557dd6c9f819fd20a6e"},"headline":"John Mogensen has been elected member of the Board of Directors of the Distributed Wind Energy Association","datePublished":"2022-02-15T21:13:45+00:00","dateModified":"2023-03-03T21:32:53+00:00","mainEntityOfPage":{"@id":"https:\/\/eocycle.com\/fr\/john-mogensen-has-been-elected-member-of-the-board-of-directors-of-the-distributed-wind-energy-association\/"},"wordCount":318,"articleSection":["Non classifi\u00e9(e)"],"inLanguage":"fr-FR"},{"@type":"WebPage","@id":"https:\/\/eocycle.com\/fr\/john-mogensen-has-been-elected-member-of-the-board-of-directors-of-the-distributed-wind-energy-association\/","url":"https:\/\/eocycle.com\/fr\/john-mogensen-has-been-elected-member-of-the-board-of-directors-of-the-distributed-wind-energy-association\/","name":"John Mogensen has been elected member of the Board of Directors of the Distributed Wind Energy Association - Eocycle","isPartOf":{"@id":"https:\/\/eocycle.com\/fr\/#website"},"datePublished":"2022-02-15T21:13:45+00:00","dateModified":"2023-03-03T21:32:53+00:00","author":{"@id":"https:\/\/eocycle.com\/fr\/#\/schema\/person\/5cb1a266c074e557dd6c9f819fd20a6e"},"breadcrumb":{"@id":"https:\/\/eocycle.com\/fr\/john-mogensen-has-been-elected-member-of-the-board-of-directors-of-the-distributed-wind-energy-association\/#breadcrumb"},"inLanguage":"fr-FR","potentialAction":[{"@type":"ReadAction","target":["https:\/\/eocycle.com\/fr\/john-mogensen-has-been-elected-member-of-the-board-of-directors-of-the-distributed-wind-energy-association\/"]}]},{"@type":"BreadcrumbList","@id":"https:\/\/eocycle.com\/fr\/john-mogensen-has-been-elected-member-of-the-board-of-directors-of-the-distributed-wind-energy-association\/#breadcrumb","itemListElement":[{"@type":"ListItem","position":1,"name":"Home","item":"https:\/\/eocycle.com\/fr\/"},{"@type":"ListItem","position":2,"name":"John Mogensen has been elected member of the Board of Directors of the Distributed Wind Energy Association"}]},{"@type":"WebSite","@id":"https:\/\/eocycle.com\/fr\/#website","url":"https:\/\/eocycle.com\/fr\/","name":"Eocycle","description":"Just another WordPress site","potentialAction":[{"@type":"SearchAction","target":{"@type":"EntryPoint","urlTemplate":"https:\/\/eocycle.com\/fr\/?s={search_term_string}"},"query-input":{"@type":"PropertyValueSpecification","valueRequired":true,"valueName":"search_term_string"}}],"inLanguage":"fr-FR"},{"@type":"Person","@id":"https:\/\/eocycle.com\/fr\/#\/schema\/person\/5cb1a266c074e557dd6c9f819fd20a6e","name":"CREW Team","image":{"@type":"ImageObject","inLanguage":"fr-FR","@id":"https:\/\/secure.gravatar.com\/avatar\/3648ce53deaab268f5ee71575bb718bc01ef2f9bd706711c5ed24f8ebd75dcbb?s=96&d=mm&r=g","url":"https:\/\/secure.gravatar.com\/avatar\/3648ce53deaab268f5ee71575bb718bc01ef2f9bd706711c5ed24f8ebd75dcbb?s=96&d=mm&r=g","contentUrl":"https:\/\/secure.gravatar.com\/avatar\/3648ce53deaab268f5ee71575bb718bc01ef2f9bd706711c5ed24f8ebd75dcbb?s=96&d=mm&r=g","caption":"CREW Team"},"url":"https:\/\/eocycle.com\/fr\/author\/crew-team\/"}]}},"_links":{"self":[{"href":"https:\/\/eocycle.com\/fr\/wp-json\/wp\/v2\/posts\/239850","targetHints":{"allow":["GET"]}}],"collection":[{"href":"https:\/\/eocycle.com\/fr\/wp-json\/wp\/v2\/posts"}],"about":[{"href":"https:\/\/eocycle.com\/fr\/wp-json\/wp\/v2\/types\/post"}],"author":[{"embeddable":true,"href":"https:\/\/eocycle.com\/fr\/wp-json\/wp\/v2\/users\/15"}],"replies":[{"embeddable":true,"href":"https:\/\/eocycle.com\/fr\/wp-json\/wp\/v2\/comments?post=239850"}],"version-history":[{"count":0,"href":"https:\/\/eocycle.com\/fr\/wp-json\/wp\/v2\/posts\/239850\/revisions"}],"wp:attachment":[{"href":"https:\/\/eocycle.com\/fr\/wp-json\/wp\/v2\/media?parent=239850"}],"wp:term":[{"taxonomy":"category","embeddable":true,"href":"https:\/\/eocycle.com\/fr\/wp-json\/wp\/v2\/categories?post=239850"},{"taxonomy":"post_tag","embeddable":true,"href":"https:\/\/eocycle.com\/fr\/wp-json\/wp\/v2\/tags?post=239850"}],"curies":[{"name":"wp","href":"https:\/\/api.w.org\/{rel}","templated":true}]}}